{"id":1666,"date":"2021-06-09T14:35:51","date_gmt":"2021-06-09T12:35:51","guid":{"rendered":"http:\/\/mugnier-dieteticienne.com\/?p=1666"},"modified":"2021-06-09T15:21:55","modified_gmt":"2021-06-09T13:21:55","slug":"recette-du-mois-davril-2021","status":"publish","type":"post","link":"https:\/\/mugnier-dieteticienne.com\/index.php\/2021\/06\/09\/recette-du-mois-davril-2021\/","title":{"rendered":"Recette du mois d&rsquo;avril 2021"},"content":{"rendered":"\n<h2 class=\"wp-block-heading\">Patate douce farcie champignons et ch\u00e8vre<\/h2>\n\n\n\n<div class=\"wp-block-image is-style-rounded\"><figure class=\"aligncenter size-large is-resized\"><img loading=\"lazy\" decoding=\"async\" src=\"http:\/\/mugnier-dieteticienne.com\/wp-content\/uploads\/2021\/06\/herbs-631570_1920-1024x683.jpeg\" alt=\"\" class=\"wp-image-1669\" width=\"272\" height=\"181\" srcset=\"https:\/\/mugnier-dieteticienne.com\/wp-content\/uploads\/2021\/06\/herbs-631570_1920-1024x683.jpeg 1024w, https:\/\/mugnier-dieteticienne.com\/wp-content\/uploads\/2021\/06\/herbs-631570_1920-300x200.jpeg 300w, https:\/\/mugnier-dieteticienne.com\/wp-content\/uploads\/2021\/06\/herbs-631570_1920-768x512.jpeg 768w, https:\/\/mugnier-dieteticienne.com\/wp-content\/uploads\/2021\/06\/herbs-631570_1920-1536x1024.jpeg 1536w, https:\/\/mugnier-dieteticienne.com\/wp-content\/uploads\/2021\/06\/herbs-631570_1920-600x400.jpeg 600w, https:\/\/mugnier-dieteticienne.com\/wp-content\/uploads\/2021\/06\/herbs-631570_1920-272x182.jpeg 272w, https:\/\/mugnier-dieteticienne.com\/wp-content\/uploads\/2021\/06\/herbs-631570_1920.jpeg 1920w\" sizes=\"auto, (max-width: 272px) 100vw, 272px\" \/><\/figure><\/div>\n\n\n\n<p><strong>Pourquoi cet aliment&nbsp;?<\/strong><\/p>\n\n\n\n<p>Le ch\u00e8vre est un produit laitier qui contribue \u00e0 l\u2019apport en calcium et en prot\u00e9ine dans notre alimentation. C\u2019est un fromage peu sal\u00e9 et peu gras. C\u2019est \u00e9galement un bon moyen d\u2019apporter de la texture et de l\u2019onctuosit\u00e9 \u00e0 vos plats. Chez VracAltitude, vous en trouverez du nature, aux herbes ou au cumin. Tous peuvent rentrer dans la composition de la recette.<\/p>\n\n\n\n<div class=\"wp-block-file\"><a href=\"http:\/\/mugnier-dieteticienne.com\/wp-content\/uploads\/2021\/06\/Recette-Avril-.pdf\">Patate douce farcie champignons et ch\u00e8vre<\/a><a href=\"http:\/\/mugnier-dieteticienne.com\/wp-content\/uploads\/2021\/06\/Recette-Avril-.pdf\" class=\"wp-block-file__button\" download>T\u00e9l\u00e9charger<\/a><\/div>\n\n\n\n<p><\/p>\n","protected":false},"excerpt":{"rendered":"<p>Patate douce farcie champignons et ch\u00e8vre Pourquoi cet aliment&nbsp;? Le ch\u00e8vre est un produit laitier qui contribue \u00e0 l\u2019apport en calcium et en prot\u00e9ine dans notre alimentation. C\u2019est un fromage peu sal\u00e9 et peu gras. C\u2019est \u00e9galement un bon moyen<\/p>\n","protected":false},"author":1,"featured_media":0,"comment_status":"closed","ping_status":"closed","sticky":false,"template":"","format":"standard","meta":{"footnotes":""},"categories":[34],"tags":[],"class_list":["post-1666","post","type-post","status-publish","format-standard","hentry","category-34"],"_links":{"self":[{"href":"https:\/\/mugnier-dieteticienne.com\/index.php\/wp-json\/wp\/v2\/posts\/1666","targetHints":{"allow":["GET"]}}],"collection":[{"href":"https:\/\/mugnier-dieteticienne.com\/index.php\/wp-json\/wp\/v2\/posts"}],"about":[{"href":"https:\/\/mugnier-dieteticienne.com\/index.php\/wp-json\/wp\/v2\/types\/post"}],"author":[{"embeddable":true,"href":"https:\/\/mugnier-dieteticienne.com\/index.php\/wp-json\/wp\/v2\/users\/1"}],"replies":[{"embeddable":true,"href":"https:\/\/mugnier-dieteticienne.com\/index.php\/wp-json\/wp\/v2\/comments?post=1666"}],"version-history":[{"count":3,"href":"https:\/\/mugnier-dieteticienne.com\/index.php\/wp-json\/wp\/v2\/posts\/1666\/revisions"}],"predecessor-version":[{"id":1672,"href":"https:\/\/mugnier-dieteticienne.com\/index.php\/wp-json\/wp\/v2\/posts\/1666\/revisions\/1672"}],"wp:attachment":[{"href":"https:\/\/mugnier-dieteticienne.com\/index.php\/wp-json\/wp\/v2\/media?parent=1666"}],"wp:term":[{"taxonomy":"category","embeddable":true,"href":"https:\/\/mugnier-dieteticienne.com\/index.php\/wp-json\/wp\/v2\/categories?post=1666"},{"taxonomy":"post_tag","embeddable":true,"href":"https:\/\/mugnier-dieteticienne.com\/index.php\/wp-json\/wp\/v2\/tags?post=1666"}],"curies":[{"name":"wp","href":"https:\/\/api.w.org\/{rel}","templated":true}]}}