{"id":1643,"date":"2021-06-09T14:06:20","date_gmt":"2021-06-09T12:06:20","guid":{"rendered":"http:\/\/mugnier-dieteticienne.com\/?p=1643"},"modified":"2021-06-09T15:21:55","modified_gmt":"2021-06-09T13:21:55","slug":"recette-du-mois-de-fevrier-2021","status":"publish","type":"post","link":"https:\/\/mugnier-dieteticienne.com\/index.php\/2021\/06\/09\/recette-du-mois-de-fevrier-2021\/","title":{"rendered":"Recette du mois de f\u00e9vrier 2021"},"content":{"rendered":"\n<h2 class=\"wp-block-heading\">Salade d&rsquo;agrumes et ses croquettes de c\u00e9r\u00e9ales<\/h2>\n\n\n\n<div class=\"wp-block-image is-style-rounded\"><figure class=\"aligncenter size-large is-resized\"><img loading=\"lazy\" decoding=\"async\" src=\"http:\/\/mugnier-dieteticienne.com\/wp-content\/uploads\/2021\/06\/oranges-5010270_1920-1024x683.jpeg\" alt=\"\" class=\"wp-image-1653\" width=\"234\" height=\"156\" srcset=\"https:\/\/mugnier-dieteticienne.com\/wp-content\/uploads\/2021\/06\/oranges-5010270_1920-1024x683.jpeg 1024w, https:\/\/mugnier-dieteticienne.com\/wp-content\/uploads\/2021\/06\/oranges-5010270_1920-300x200.jpeg 300w, https:\/\/mugnier-dieteticienne.com\/wp-content\/uploads\/2021\/06\/oranges-5010270_1920-768x512.jpeg 768w, https:\/\/mugnier-dieteticienne.com\/wp-content\/uploads\/2021\/06\/oranges-5010270_1920-1536x1024.jpeg 1536w, https:\/\/mugnier-dieteticienne.com\/wp-content\/uploads\/2021\/06\/oranges-5010270_1920-600x400.jpeg 600w, https:\/\/mugnier-dieteticienne.com\/wp-content\/uploads\/2021\/06\/oranges-5010270_1920-272x182.jpeg 272w, https:\/\/mugnier-dieteticienne.com\/wp-content\/uploads\/2021\/06\/oranges-5010270_1920.jpeg 1920w\" sizes=\"auto, (max-width: 234px) 100vw, 234px\" \/><\/figure><\/div>\n\n\n\n<p><strong>Pourquoi cet aliment&nbsp;?<\/strong><\/p>\n\n\n\n<p>Les agrumes et notamment le pomelo et l\u2019orange sont des fruits color\u00e9s et riches en vitamine C. Ce sont aussi des bonnes sources en vitamine B9 et B6 qui contribuent \u00e0 r\u00e9duire la fatigue. Il est pr\u00e9f\u00e9rable de les manger crus et sans transformation pour b\u00e9n\u00e9ficier de leur effet sati\u00e9tog\u00e8ne et assimiler un maximum de vitamines&nbsp;!<\/p>\n\n\n\n<div class=\"wp-block-file\"><a href=\"http:\/\/mugnier-dieteticienne.com\/wp-content\/uploads\/2021\/06\/Recette-Fe\u0301vrier-.pdf\">Salade d&rsquo;agrumes et ses croquettes de c\u00e9r\u00e9ales<\/a><a href=\"http:\/\/mugnier-dieteticienne.com\/wp-content\/uploads\/2021\/06\/Recette-Fe\u0301vrier-.pdf\" class=\"wp-block-file__button\" download>T\u00e9l\u00e9charger<\/a><\/div>\n\n\n\n<p><\/p>\n","protected":false},"excerpt":{"rendered":"<p>Salade d&rsquo;agrumes et ses croquettes de c\u00e9r\u00e9ales Pourquoi cet aliment&nbsp;? Les agrumes et notamment le pomelo et l\u2019orange sont des fruits color\u00e9s et riches en vitamine C. Ce sont aussi des bonnes sources en vitamine B9 et B6 qui contribuent<\/p>\n","protected":false},"author":1,"featured_media":0,"comment_status":"closed","ping_status":"closed","sticky":false,"template":"","format":"standard","meta":{"footnotes":""},"categories":[34],"tags":[],"class_list":["post-1643","post","type-post","status-publish","format-standard","hentry","category-34"],"_links":{"self":[{"href":"https:\/\/mugnier-dieteticienne.com\/index.php\/wp-json\/wp\/v2\/posts\/1643","targetHints":{"allow":["GET"]}}],"collection":[{"href":"https:\/\/mugnier-dieteticienne.com\/index.php\/wp-json\/wp\/v2\/posts"}],"about":[{"href":"https:\/\/mugnier-dieteticienne.com\/index.php\/wp-json\/wp\/v2\/types\/post"}],"author":[{"embeddable":true,"href":"https:\/\/mugnier-dieteticienne.com\/index.php\/wp-json\/wp\/v2\/users\/1"}],"replies":[{"embeddable":true,"href":"https:\/\/mugnier-dieteticienne.com\/index.php\/wp-json\/wp\/v2\/comments?post=1643"}],"version-history":[{"count":6,"href":"https:\/\/mugnier-dieteticienne.com\/index.php\/wp-json\/wp\/v2\/posts\/1643\/revisions"}],"predecessor-version":[{"id":1657,"href":"https:\/\/mugnier-dieteticienne.com\/index.php\/wp-json\/wp\/v2\/posts\/1643\/revisions\/1657"}],"wp:attachment":[{"href":"https:\/\/mugnier-dieteticienne.com\/index.php\/wp-json\/wp\/v2\/media?parent=1643"}],"wp:term":[{"taxonomy":"category","embeddable":true,"href":"https:\/\/mugnier-dieteticienne.com\/index.php\/wp-json\/wp\/v2\/categories?post=1643"},{"taxonomy":"post_tag","embeddable":true,"href":"https:\/\/mugnier-dieteticienne.com\/index.php\/wp-json\/wp\/v2\/tags?post=1643"}],"curies":[{"name":"wp","href":"https:\/\/api.w.org\/{rel}","templated":true}]}}