{"id":1629,"date":"2021-06-09T13:57:56","date_gmt":"2021-06-09T11:57:56","guid":{"rendered":"http:\/\/mugnier-dieteticienne.com\/?p=1629"},"modified":"2021-06-09T15:21:55","modified_gmt":"2021-06-09T13:21:55","slug":"recette-du-mois-de-janvier-2021","status":"publish","type":"post","link":"https:\/\/mugnier-dieteticienne.com\/index.php\/2021\/06\/09\/recette-du-mois-de-janvier-2021\/","title":{"rendered":"Recette du mois de janvier 2021"},"content":{"rendered":"\n<h2 class=\"wp-block-heading\">Fondue de poireaux \u00e0 la moutarde<\/h2>\n\n\n\n<div class=\"wp-block-image is-style-rounded\"><figure class=\"aligncenter size-large is-resized\"><img loading=\"lazy\" decoding=\"async\" src=\"http:\/\/mugnier-dieteticienne.com\/wp-content\/uploads\/2021\/06\/leek-640530_1920-1-1024x678.jpeg\" alt=\"\" class=\"wp-image-1637\" width=\"412\" height=\"273\" srcset=\"https:\/\/mugnier-dieteticienne.com\/wp-content\/uploads\/2021\/06\/leek-640530_1920-1-1024x678.jpeg 1024w, https:\/\/mugnier-dieteticienne.com\/wp-content\/uploads\/2021\/06\/leek-640530_1920-1-300x199.jpeg 300w, https:\/\/mugnier-dieteticienne.com\/wp-content\/uploads\/2021\/06\/leek-640530_1920-1-768x508.jpeg 768w, https:\/\/mugnier-dieteticienne.com\/wp-content\/uploads\/2021\/06\/leek-640530_1920-1-1536x1017.jpeg 1536w, https:\/\/mugnier-dieteticienne.com\/wp-content\/uploads\/2021\/06\/leek-640530_1920-1-600x397.jpeg 600w, https:\/\/mugnier-dieteticienne.com\/wp-content\/uploads\/2021\/06\/leek-640530_1920-1.jpeg 1920w\" sizes=\"auto, (max-width: 412px) 100vw, 412px\" \/><\/figure><\/div>\n\n\n\n<p><strong>Pourquoi cet aliment&nbsp;?<\/strong><\/p>\n\n\n\n<p>Le poireau est un l\u00e9gume \u00e0 bulbe comme l\u2019ail ou l\u2019oignon. Il est riche en fibres et facile \u00e0 cuisiner&nbsp;: 10 \u00e0 15 minutes selon le mode de cuisson. Pensez \u00e0 garder les feuilles vertes, les hacher et cela vous fera un d\u00e9licieux bouquet garni qui parfumera vos bouillons et potages.<\/p>\n\n\n\n<div class=\"wp-block-file\"><a href=\"http:\/\/mugnier-dieteticienne.com\/wp-content\/uploads\/2021\/06\/Recette-janvier-1.pdf\">Fondue de poireaux \u00e0 la moutarde<\/a><a href=\"http:\/\/mugnier-dieteticienne.com\/wp-content\/uploads\/2021\/06\/Recette-janvier-1.pdf\" class=\"wp-block-file__button\" download>T\u00e9l\u00e9charger<\/a><\/div>\n\n\n\n<p><\/p>\n","protected":false},"excerpt":{"rendered":"<p>Fondue de poireaux \u00e0 la moutarde Pourquoi cet aliment&nbsp;? Le poireau est un l\u00e9gume \u00e0 bulbe comme l\u2019ail ou l\u2019oignon. Il est riche en fibres et facile \u00e0 cuisiner&nbsp;: 10 \u00e0 15 minutes selon le mode de cuisson. Pensez \u00e0<\/p>\n","protected":false},"author":1,"featured_media":0,"comment_status":"closed","ping_status":"closed","sticky":false,"template":"","format":"standard","meta":{"footnotes":""},"categories":[34],"tags":[],"class_list":["post-1629","post","type-post","status-publish","format-standard","hentry","category-34"],"_links":{"self":[{"href":"https:\/\/mugnier-dieteticienne.com\/index.php\/wp-json\/wp\/v2\/posts\/1629","targetHints":{"allow":["GET"]}}],"collection":[{"href":"https:\/\/mugnier-dieteticienne.com\/index.php\/wp-json\/wp\/v2\/posts"}],"about":[{"href":"https:\/\/mugnier-dieteticienne.com\/index.php\/wp-json\/wp\/v2\/types\/post"}],"author":[{"embeddable":true,"href":"https:\/\/mugnier-dieteticienne.com\/index.php\/wp-json\/wp\/v2\/users\/1"}],"replies":[{"embeddable":true,"href":"https:\/\/mugnier-dieteticienne.com\/index.php\/wp-json\/wp\/v2\/comments?post=1629"}],"version-history":[{"count":6,"href":"https:\/\/mugnier-dieteticienne.com\/index.php\/wp-json\/wp\/v2\/posts\/1629\/revisions"}],"predecessor-version":[{"id":1651,"href":"https:\/\/mugnier-dieteticienne.com\/index.php\/wp-json\/wp\/v2\/posts\/1629\/revisions\/1651"}],"wp:attachment":[{"href":"https:\/\/mugnier-dieteticienne.com\/index.php\/wp-json\/wp\/v2\/media?parent=1629"}],"wp:term":[{"taxonomy":"category","embeddable":true,"href":"https:\/\/mugnier-dieteticienne.com\/index.php\/wp-json\/wp\/v2\/categories?post=1629"},{"taxonomy":"post_tag","embeddable":true,"href":"https:\/\/mugnier-dieteticienne.com\/index.php\/wp-json\/wp\/v2\/tags?post=1629"}],"curies":[{"name":"wp","href":"https:\/\/api.w.org\/{rel}","templated":true}]}}