{"id":1494,"date":"2021-06-09T10:16:26","date_gmt":"2021-06-09T08:16:26","guid":{"rendered":"http:\/\/mugnier-dieteticienne.com\/?p=1494"},"modified":"2021-06-09T15:38:33","modified_gmt":"2021-06-09T13:38:33","slug":"recette-du-mois-doctobre","status":"publish","type":"post","link":"https:\/\/mugnier-dieteticienne.com\/index.php\/2021\/06\/09\/recette-du-mois-doctobre\/","title":{"rendered":"Recette du mois d&rsquo;octobre 2020"},"content":{"rendered":"\n<h2 class=\"wp-block-heading\">Cake aux carottes et ses fanes<\/h2>\n\n\n\n<div class=\"wp-block-image is-style-rounded\"><figure class=\"aligncenter size-large is-resized\"><img loading=\"lazy\" decoding=\"async\" src=\"http:\/\/mugnier-dieteticienne.com\/wp-content\/uploads\/2021\/06\/carrots-5474785_1920-1024x683.jpg\" alt=\"\" class=\"wp-image-1576\" width=\"336\" height=\"224\" srcset=\"https:\/\/mugnier-dieteticienne.com\/wp-content\/uploads\/2021\/06\/carrots-5474785_1920-1024x683.jpg 1024w, https:\/\/mugnier-dieteticienne.com\/wp-content\/uploads\/2021\/06\/carrots-5474785_1920-300x200.jpg 300w, https:\/\/mugnier-dieteticienne.com\/wp-content\/uploads\/2021\/06\/carrots-5474785_1920-768x512.jpg 768w, https:\/\/mugnier-dieteticienne.com\/wp-content\/uploads\/2021\/06\/carrots-5474785_1920-1536x1024.jpg 1536w, https:\/\/mugnier-dieteticienne.com\/wp-content\/uploads\/2021\/06\/carrots-5474785_1920-600x400.jpg 600w, https:\/\/mugnier-dieteticienne.com\/wp-content\/uploads\/2021\/06\/carrots-5474785_1920-272x182.jpg 272w, https:\/\/mugnier-dieteticienne.com\/wp-content\/uploads\/2021\/06\/carrots-5474785_1920.jpg 1920w\" sizes=\"auto, (max-width: 336px) 100vw, 336px\" \/><\/figure><\/div>\n\n\n\n<p><strong>Pourquoi cet aliment&nbsp;?<\/strong><\/p>\n\n\n\n<p>La carotte est un des l\u00e9gumes les plus cultiv\u00e9s dans le monde. Elle existe en orange rouge, jaune, blanche ou pourpre. Riche en vitamine A, B9 et en potassium, ce l\u00e9gume contribuent \u00e9galement \u00e0 l\u2019apport en fibres n\u00e9cessaire pour la r\u00e9gulation du transit et l\u2019effet sati\u00e9tog\u00e8ne.<\/p>\n\n\n\n<div class=\"wp-block-file\"><a href=\"http:\/\/mugnier-dieteticienne.com\/wp-content\/uploads\/2021\/06\/Recette-octobre.pdf\">Cake aux carottes et ses fanes<\/a><a href=\"http:\/\/mugnier-dieteticienne.com\/wp-content\/uploads\/2021\/06\/Recette-octobre.pdf\" class=\"wp-block-file__button\" download>T\u00e9l\u00e9charger<\/a><\/div>\n\n\n\n<p><\/p>\n","protected":false},"excerpt":{"rendered":"<p>Cake aux carottes et ses fanes Pourquoi cet aliment&nbsp;? La carotte est un des l\u00e9gumes les plus cultiv\u00e9s dans le monde. Elle existe en orange rouge, jaune, blanche ou pourpre. Riche en vitamine A, B9 et en potassium, ce l\u00e9gume<\/p>\n","protected":false},"author":1,"featured_media":0,"comment_status":"closed","ping_status":"closed","sticky":false,"template":"","format":"standard","meta":{"footnotes":""},"categories":[33],"tags":[],"class_list":["post-1494","post","type-post","status-publish","format-standard","hentry","category-33"],"_links":{"self":[{"href":"https:\/\/mugnier-dieteticienne.com\/index.php\/wp-json\/wp\/v2\/posts\/1494","targetHints":{"allow":["GET"]}}],"collection":[{"href":"https:\/\/mugnier-dieteticienne.com\/index.php\/wp-json\/wp\/v2\/posts"}],"about":[{"href":"https:\/\/mugnier-dieteticienne.com\/index.php\/wp-json\/wp\/v2\/types\/post"}],"author":[{"embeddable":true,"href":"https:\/\/mugnier-dieteticienne.com\/index.php\/wp-json\/wp\/v2\/users\/1"}],"replies":[{"embeddable":true,"href":"https:\/\/mugnier-dieteticienne.com\/index.php\/wp-json\/wp\/v2\/comments?post=1494"}],"version-history":[{"count":20,"href":"https:\/\/mugnier-dieteticienne.com\/index.php\/wp-json\/wp\/v2\/posts\/1494\/revisions"}],"predecessor-version":[{"id":1716,"href":"https:\/\/mugnier-dieteticienne.com\/index.php\/wp-json\/wp\/v2\/posts\/1494\/revisions\/1716"}],"wp:attachment":[{"href":"https:\/\/mugnier-dieteticienne.com\/index.php\/wp-json\/wp\/v2\/media?parent=1494"}],"wp:term":[{"taxonomy":"category","embeddable":true,"href":"https:\/\/mugnier-dieteticienne.com\/index.php\/wp-json\/wp\/v2\/categories?post=1494"},{"taxonomy":"post_tag","embeddable":true,"href":"https:\/\/mugnier-dieteticienne.com\/index.php\/wp-json\/wp\/v2\/tags?post=1494"}],"curies":[{"name":"wp","href":"https:\/\/api.w.org\/{rel}","templated":true}]}}